{"id":1163,"date":"2011-07-14T11:56:02","date_gmt":"2011-07-14T11:56:02","guid":{"rendered":"http:\/\/127.0.0.1\/accaparlante4\/?p=1163"},"modified":"2025-10-13T11:56:31","modified_gmt":"2025-10-13T09:56:31","slug":"lettere-al-direttore-risponde-claudio-imprudente-1-1","status":"publish","type":"post","link":"https:\/\/archivio.accaparlante.it\/?p=1163","title":{"rendered":"Lettere al direttore"},"content":{"rendered":"<p>Risponde Claudio Imprudente<\/p>\n<p>Salve,<br \/>\nsono Agnese, l\u2019insegnante di scuola primaria che le ha gi\u00e0 scritto qualche mese fa per farle i complimenti per il libro \u201cIl principe del lago\u201d.<br \/>\nVolevo annunciarle (con immensa gioia!!!) che da oggi \u00e8 partito il laboratorio di lettura del suo libro nella mia classe, come le avevo anticipato che mi sarebbe piaciuto fare!<br \/>\nPurtroppo il tempo che riesco a dedicare al libro \u00e8 davvero poco insegnando molte materie nella stessa classe (mezz\u2019ora al venerd\u00ec) ma mi sono imposta di non lasciar scappare nemmeno un venerd\u00ec. I bambini sono molto entusiasti e l\u2019inizio \u00e8 gi\u00e0 pieno di aspettative da parte di tutti loro (maestra per prima!); in classe riusciamo a staccare da tutto il resto, spegniamo le luci, abbassiamo le persiane e accendiamo una piccola candela. I bambini rimangono in silenzio, qualcuno ride durante qualche dialogo&#8230; e tutti gi\u00e0 non vedono l\u2019ora che arrivi venerd\u00ec prossimo.<br \/>\nSono convintissima per il laboratorio, per molte ragioni: innanzitutto i bambini si prendono in giro con sempre pi\u00f9 facilit\u00e0 negli ultimi tempi, e anche se la diversit\u00e0 per cui forse era stato pensato il libro non era questa, penso che comunque loro ci possano riflettere molto. E poi c\u2019\u00e8 un alunno che ha un fratello autistico, e forse (speranza vana?) riuscir\u00e0 ad aprirsi con i compagni riguardo questa sua esperienza.<br \/>\nPu\u00f2 darsi che il tutto non le interessi pi\u00f9 di tanto, ma i miei alunni sono entusiasti davvero e io felicissima!<br \/>\nGrazie mille ancora per la sua fantasia!<br \/>\nAgnese e classe 2a.<\/p>\n<p>Aloha Agnese, a te e soprattutto a tutti i tuoi allievi. Lo sai che quando ho ricevuto la tua lettera mi sono sbellicato dalle risate?! Mi chiedevo anche se non si stesse scherzando\u2026 Poi per\u00f2 ho iniziato a immaginare. Immaginavo una vecchia chiesetta in campagna\u2026sai di quelle un po\u2019abbandonate, di quelle cos\u00ec buie in cui quando entri per i primi cinque minuti non riesci a distinguere i contorni delle cose? Poi, man mano che i tuoi occhi si abituano all\u2019oscurit\u00e0, sono proprio le candele accese i primi oggetti a prendere forma e a stagliarsi nel buio. Un flash: da bambino rimanevo affascinato \u2013 anzi, sedotto \u2013 da questa ambientazione, e contemplavo incantato la fiamma che faceva colare lentamente la cera sul candelabro. Sono convinto che i tuoi bambini respirino la stessa magia\u2026 Sai, una candela \u00e8 come \u201cla Vecchia Romagna che crea l\u2019atmosfera\u201d! Battuta pubblicitaria a parte, credo che il tuo laboratorio sia ben studiato e che in questo modo i bambini possano davvero annusare il profumo della cera che si scioglie lentamente e rimanerne inebriati. Allo stesso modo l\u2019educazione alla diversit\u00e0 pu\u00f2 fondersi con le potenzialit\u00e0 dei bambini e dare colore e sapore all\u2019esistenza di ognuno. Questo \u00e8 il ruolo della scuola, che deve saper creare l\u2019atmosfera giusta.<br \/>\nE che dire? Io bevo Vecchia Romagna, e buona atmosfera a tutti.<\/p>\n<p>Caro Claudio,<br \/>\nti ho rivisto con grande piacere al Palahockey di Reggio Emilia. Come ti ho detto alla fine del tuo splendido \u201cshow\u201d, tu aiuti la gente a conciliarsi con la vita, ad amarla sempre e comunque. E vorrei che ci\u00f2 tu non lo prendessi come uno dei tanti complimenti che ti fanno, perch\u00e9 \u00e8 semplicemente la verit\u00e0. Incontrandoti un attimo prima di uscire te l\u2019ho detto, tu sei come il vino: pi\u00f9 invecchi e pi\u00f9 diventi buono.<br \/>\nCiao, in amicizia.<br \/>\nRealino Ferretti<\/p>\n<p>Vedi, caro Realino \u2013 che guarda un po\u2019 fa rima con \u201cvino\u201d \u2013 credo che ci sia una certa attinenza tra il piacere di bere del buon vino e la gioia di vivere. Giorni fa ero al cellulare con Marco, il mio amico sommelier, e stavamo disquisendo sui gusti dei vini e sull\u2019importanza di essere felici nella vita. Un buon vino deve invecchiare per anni prima di acquistare determinate caratteristiche. Pure la vita. Un buon vino ha bisogno di tempo per prendere corpo. Altrettanto avviene nella vita. Se la vita non \u00e8 equilibrata, come lo \u00e8 un buon vino, perde di sapore e di interesse. Sfugge la bellezza delle sfide. E il sapore della sfida \u00e8 un sapore affascinante e vellutato, che viene goduto anche dal palato (hai visto che ti ho fatto la rima?!).<br \/>\nCon un po\u2019 di pazienza si pu\u00f2 ottenere uno squisito vino frizzante oppure fruttato. Anche la vita pian piano diventa cos\u00ec, e un\u2019ottima vita fruttata\u2026 Chi non la vorrebbe?! Se la vita non frutta\u2026 falla fruttare!<br \/>\nCome vedi, caro Realino, di punti in comune tra il vino e la vita ce ne sono una marea. Basta avere la botte giusta e la moglie non ubriaca. Altrimenti sono guai.<br \/>\nCin cin!<\/p>\n","protected":false},"excerpt":{"rendered":"<p>Salve, sono Agnese, l&rsquo;insegnante di scuola primaria che le ha gi&agrave; scritto qualche mese fa per farle i complimenti per il libro &ldquo;Il principe del lago&rdquo;.<br \/>\nVolevo annunciarle (con immensa gioia!!!) che da oggi &egrave; partito il laboratorio di lettura del suo libro nella mia classe, come le avevo anticipato che mi sarebbe piaciuto fare!<\/p>\n","protected":false},"author":1,"featured_media":0,"comment_status":"closed","ping_status":"open","sticky":false,"template":"","format":"standard","meta":{"footnotes":""},"categories":[3764],"tags":[3605,3596],"edizioni":[111],"autori":[2592],"monografie":[],"editori":[],"luoghi":[],"book":[],"_links":{"self":[{"href":"https:\/\/archivio.accaparlante.it\/index.php?rest_route=\/wp\/v2\/posts\/1163"}],"collection":[{"href":"https:\/\/archivio.accaparlante.it\/index.php?rest_route=\/wp\/v2\/posts"}],"about":[{"href":"https:\/\/archivio.accaparlante.it\/index.php?rest_route=\/wp\/v2\/types\/post"}],"author":[{"embeddable":true,"href":"https:\/\/archivio.accaparlante.it\/index.php?rest_route=\/wp\/v2\/users\/1"}],"replies":[{"embeddable":true,"href":"https:\/\/archivio.accaparlante.it\/index.php?rest_route=%2Fwp%2Fv2%2Fcomments&post=1163"}],"version-history":[{"count":2,"href":"https:\/\/archivio.accaparlante.it\/index.php?rest_route=\/wp\/v2\/posts\/1163\/revisions"}],"predecessor-version":[{"id":4871,"href":"https:\/\/archivio.accaparlante.it\/index.php?rest_route=\/wp\/v2\/posts\/1163\/revisions\/4871"}],"wp:attachment":[{"href":"https:\/\/archivio.accaparlante.it\/index.php?rest_route=%2Fwp%2Fv2%2Fmedia&parent=1163"}],"wp:term":[{"taxonomy":"category","embeddable":true,"href":"https:\/\/archivio.accaparlante.it\/index.php?rest_route=%2Fwp%2Fv2%2Fcategories&post=1163"},{"taxonomy":"post_tag","embeddable":true,"href":"https:\/\/archivio.accaparlante.it\/index.php?rest_route=%2Fwp%2Fv2%2Ftags&post=1163"},{"taxonomy":"edizioni","embeddable":true,"href":"https:\/\/archivio.accaparlante.it\/index.php?rest_route=%2Fwp%2Fv2%2Fedizioni&post=1163"},{"taxonomy":"autori","embeddable":true,"href":"https:\/\/archivio.accaparlante.it\/index.php?rest_route=%2Fwp%2Fv2%2Fautori&post=1163"},{"taxonomy":"monografie","embeddable":true,"href":"https:\/\/archivio.accaparlante.it\/index.php?rest_route=%2Fwp%2Fv2%2Fmonografie&post=1163"},{"taxonomy":"editori","embeddable":true,"href":"https:\/\/archivio.accaparlante.it\/index.php?rest_route=%2Fwp%2Fv2%2Feditori&post=1163"},{"taxonomy":"luoghi","embeddable":true,"href":"https:\/\/archivio.accaparlante.it\/index.php?rest_route=%2Fwp%2Fv2%2Fluoghi&post=1163"},{"taxonomy":"book","embeddable":true,"href":"https:\/\/archivio.accaparlante.it\/index.php?rest_route=%2Fwp%2Fv2%2Fbook&post=1163"}],"curies":[{"name":"wp","href":"https:\/\/api.w.org\/{rel}","templated":true}]}}