{"id":352,"date":"2009-11-04T17:05:46","date_gmt":"2009-11-04T17:05:46","guid":{"rendered":"http:\/\/127.0.0.1\/accaparlante4\/?p=352"},"modified":"2025-12-15T17:03:51","modified_gmt":"2025-12-15T16:03:51","slug":"sfide-e-corpi","status":"publish","type":"post","link":"https:\/\/archivio.accaparlante.it\/?p=352","title":{"rendered":"14. Sfide e corpi"},"content":{"rendered":"<p>Il corpo evoca l&#8217;incontrollabile dal primo momento dell&#8217;esistere, l&#8217;impossibilit\u00e0 di essere padroni totalmente.<br \/>\nIl corpo dialoga con il senso del vuoto e dell&#8217;appartenenza.<br \/>\nIl corpo \u00e8<!--break--> il luogo dei primi desideri e il luogo dei ritmi.<br \/>\nIl corpo \u00e8 la prima espressione del proprio volere.<br \/>\nIl corpo \u00e8 la nostra origine, \u00e8 la dove si manifestano le emozioni, \u00e8 ci\u00f2 che non si nasconde.<br \/>\nIl corpo \u00e8 ci\u00f2 che materializza le maggiori similitudini e le maggiori diversit\u00e0.<br \/>\nIl corpo d\u00e0 sostanza alle cose pi\u00f9 sublimi e a quelle pi\u00f9 sporche.<br \/>\nIl corpo \u00e8 il luogo dei silenzi e al contempo spazio in cui osare, fare rumore.<br \/>\nIL corpo veicola messaggi che mostrano aspetti di noi che non possono essere controllati dalla volont\u00e0.<br \/>\nMisurarsi a partire dal corpo muove rappresentazioni che richiamano il caos. La sessualit\u00e0 non ha un territorio se non quello multiforme dei corpi.<br \/>\nQuale di questi aspetti appartiene a una riflessione sulla sessualit\u00e0?<br \/>\nForse il punto di partenza per occuparsi dei bisogni legati alla sessualit\u00e0 e alla disabilit\u00e0 riguarda l&#8217;ammissione che \u00e8 molto improbabile costruire confini netti che separino ci\u00f2 che in questo elenco appartiene a tutti, da ci\u00f2 che appartiene a chi \u00e8 disabile, ammalato, diverso.<br \/>\nUn interrogativo potrebbe essere utilmente considerato per avvicinare e comprendere ci\u00f2 che attiene alla sessualit\u00e0 , quando \u00e8 declinata a partire dalla disabilit\u00e0: &#8220;cosa sente un corpo quando \u00e8 sottomesso al corpo di un altro? Come si costruisce una percezione di s\u00e9 sufficientemente integra se il primo livello corporeo \u00e8 minacciato?<\/p>\n","protected":false},"excerpt":{"rendered":"<p>Il corpo evoca l&#8217;incontrollabile dal primo momento dell&#8217;esistere, l&#8217;impossibilit&agrave; di essere padroni totalmente.Il corpo dialoga con il senso del vuoto e dell&#8217;appartenenza.Il corpo &egrave;<\/p>\n","protected":false},"author":1,"featured_media":0,"comment_status":"closed","ping_status":"open","sticky":false,"template":"","format":"standard","meta":{"footnotes":""},"categories":[3766],"tags":[3591,3589],"edizioni":[26],"autori":[2698],"monografie":[],"editori":[],"luoghi":[],"book":[3684],"_links":{"self":[{"href":"https:\/\/archivio.accaparlante.it\/index.php?rest_route=\/wp\/v2\/posts\/352"}],"collection":[{"href":"https:\/\/archivio.accaparlante.it\/index.php?rest_route=\/wp\/v2\/posts"}],"about":[{"href":"https:\/\/archivio.accaparlante.it\/index.php?rest_route=\/wp\/v2\/types\/post"}],"author":[{"embeddable":true,"href":"https:\/\/archivio.accaparlante.it\/index.php?rest_route=\/wp\/v2\/users\/1"}],"replies":[{"embeddable":true,"href":"https:\/\/archivio.accaparlante.it\/index.php?rest_route=%2Fwp%2Fv2%2Fcomments&post=352"}],"version-history":[{"count":1,"href":"https:\/\/archivio.accaparlante.it\/index.php?rest_route=\/wp\/v2\/posts\/352\/revisions"}],"predecessor-version":[{"id":5908,"href":"https:\/\/archivio.accaparlante.it\/index.php?rest_route=\/wp\/v2\/posts\/352\/revisions\/5908"}],"wp:attachment":[{"href":"https:\/\/archivio.accaparlante.it\/index.php?rest_route=%2Fwp%2Fv2%2Fmedia&parent=352"}],"wp:term":[{"taxonomy":"category","embeddable":true,"href":"https:\/\/archivio.accaparlante.it\/index.php?rest_route=%2Fwp%2Fv2%2Fcategories&post=352"},{"taxonomy":"post_tag","embeddable":true,"href":"https:\/\/archivio.accaparlante.it\/index.php?rest_route=%2Fwp%2Fv2%2Ftags&post=352"},{"taxonomy":"edizioni","embeddable":true,"href":"https:\/\/archivio.accaparlante.it\/index.php?rest_route=%2Fwp%2Fv2%2Fedizioni&post=352"},{"taxonomy":"autori","embeddable":true,"href":"https:\/\/archivio.accaparlante.it\/index.php?rest_route=%2Fwp%2Fv2%2Fautori&post=352"},{"taxonomy":"monografie","embeddable":true,"href":"https:\/\/archivio.accaparlante.it\/index.php?rest_route=%2Fwp%2Fv2%2Fmonografie&post=352"},{"taxonomy":"editori","embeddable":true,"href":"https:\/\/archivio.accaparlante.it\/index.php?rest_route=%2Fwp%2Fv2%2Feditori&post=352"},{"taxonomy":"luoghi","embeddable":true,"href":"https:\/\/archivio.accaparlante.it\/index.php?rest_route=%2Fwp%2Fv2%2Fluoghi&post=352"},{"taxonomy":"book","embeddable":true,"href":"https:\/\/archivio.accaparlante.it\/index.php?rest_route=%2Fwp%2Fv2%2Fbook&post=352"}],"curies":[{"name":"wp","href":"https:\/\/api.w.org\/{rel}","templated":true}]}}