{"id":358,"date":"2009-11-04T17:05:47","date_gmt":"2009-11-04T17:05:47","guid":{"rendered":"http:\/\/127.0.0.1\/accaparlante4\/?p=358"},"modified":"2025-12-15T16:53:07","modified_gmt":"2025-12-15T15:53:07","slug":"il-rapporto-con-il-corpo","status":"publish","type":"post","link":"https:\/\/archivio.accaparlante.it\/?p=358","title":{"rendered":"8. Il rapporto con il corpo"},"content":{"rendered":"<p>Per ricostruire: &#8220;Il vissuto delle persone disabili&#8221;: \u00e8 necessario guardarsi da ci\u00f2 che pu\u00f2 dare l&#8217;illusione che ci sia una descrizione di tali vissuti a partire dalle diverse<!--break--> patologie e che questo offra certezze utili.<br \/>\nNella stessa misura \u00e8 necessario non dimenticare che il rapporto col corpo, con le<br \/>\nemozioni e il mondo degli affetti, con la sessualit\u00e0 e i suoi molteplici significati sono attraversati dalla realt\u00e0 che la presenza di un deficit rappresenta.<br \/>\nQueste due dimensioni sono chiamate di volta in volta trovare una loro area di influenza reciproca che \u00e8 in definitiva la storia di ciasuna persona; solo considerandole entrambe forse non si fa torto al desiderio di comprendere e non si cade nella negazione della specificit\u00e0 che il deficit attiva nella costruzione dell&#8217;identit\u00e0 della persona disabile.<br \/>\nLa sessualit\u00e0 favorisce una riflessione sul senso del piacere e, all&#8217;opposto sul confronto con il dolore; sulla costruzione della identit\u00e0 e inevitabilmente sugli ostacoli che questo processo pu\u00f2 incontrare; sulla vitalit\u00e0 o la patologia delle relazioni; sul senso dello sviluppo e la prospettiva di un futuro possibile o viceversa sull&#8217;impossibilit\u00e0 di proiettarsi nel tempo, immaginando una realt\u00e0 che valga la pena di essere vissuta, nonostante la patologia; su come e se possono convivere la creativit\u00e0 che un percorso riabilitativo sufficientemente rispettoso pu\u00f2 avviare e la sofferenza e il senso di impotenza vissuto attraverso il corpo, le emozioni, i processi cognitivi di chi vive sulla propria pelle la presenza di un danno permanente.<br \/>\nLa sessualit\u00e0 quindi per quegli aspetti che evocano il piacere di esserci e quindi la vita, con gli intrecci costruttivi ma anche dolorosi che la caratterizzano e che la presenza di una condizione patologica rende meno nascosti.<br \/>\nTra i compiti di sviluppo di un bambino c&#8217;\u00e8 l&#8217;immenso impegno di compiere un fruttuoso scambio tra le aree della corporeit\u00e0, del mondo emotivo e delle acquisizioni cognitive. L&#8217;influenza della cura con cui questo bambino \u00e8 accudito sappiamo essere fondamentale per la buona riuscita di questo percorso; la presenza di una difficolt\u00e0 non pu\u00f2 non implicare un effetto su tutta la complessit\u00e0 percettiva, emozionale e motivazionale, del bambino, ma anche della madre, del padre, delle figure pi\u00f9 prossime da cui quel bambino dipende.<br \/>\nLa motricit\u00e0, le capacit\u00e0 intellettive, le implicazioni psicologiche sono entit\u00e0 solo artificiosamente distinte, e questo \u00e8 tanto pi\u00f9 vero quanto pi\u00f9 si vada a ritroso nel processo di crescita; non solo le ridotte capcit\u00e0 che la patologia determina influenzano lo sviluppo, ma anche le rappresentazioni che di tale alterazione hanno la madre, il padre, la complessit\u00e0 dei legami familiari, gli adulti che nel tempo si avvicendano nella presa in carico di quel bambino.<\/p>\n","protected":false},"excerpt":{"rendered":"<p>Per ricostruire: &quot;Il vissuto delle persone disabili&quot;: &egrave; necessario guardarsi da ci&ograve; che pu&ograve; dare l&#8217;illusione che ci sia una descrizione di tali vissuti a partire dalle diverse<\/p>\n","protected":false},"author":1,"featured_media":0,"comment_status":"closed","ping_status":"open","sticky":false,"template":"","format":"standard","meta":{"footnotes":""},"categories":[3766],"tags":[3589],"edizioni":[26],"autori":[2698],"monografie":[],"editori":[],"luoghi":[],"book":[3684],"_links":{"self":[{"href":"https:\/\/archivio.accaparlante.it\/index.php?rest_route=\/wp\/v2\/posts\/358"}],"collection":[{"href":"https:\/\/archivio.accaparlante.it\/index.php?rest_route=\/wp\/v2\/posts"}],"about":[{"href":"https:\/\/archivio.accaparlante.it\/index.php?rest_route=\/wp\/v2\/types\/post"}],"author":[{"embeddable":true,"href":"https:\/\/archivio.accaparlante.it\/index.php?rest_route=\/wp\/v2\/users\/1"}],"replies":[{"embeddable":true,"href":"https:\/\/archivio.accaparlante.it\/index.php?rest_route=%2Fwp%2Fv2%2Fcomments&post=358"}],"version-history":[{"count":1,"href":"https:\/\/archivio.accaparlante.it\/index.php?rest_route=\/wp\/v2\/posts\/358\/revisions"}],"predecessor-version":[{"id":5898,"href":"https:\/\/archivio.accaparlante.it\/index.php?rest_route=\/wp\/v2\/posts\/358\/revisions\/5898"}],"wp:attachment":[{"href":"https:\/\/archivio.accaparlante.it\/index.php?rest_route=%2Fwp%2Fv2%2Fmedia&parent=358"}],"wp:term":[{"taxonomy":"category","embeddable":true,"href":"https:\/\/archivio.accaparlante.it\/index.php?rest_route=%2Fwp%2Fv2%2Fcategories&post=358"},{"taxonomy":"post_tag","embeddable":true,"href":"https:\/\/archivio.accaparlante.it\/index.php?rest_route=%2Fwp%2Fv2%2Ftags&post=358"},{"taxonomy":"edizioni","embeddable":true,"href":"https:\/\/archivio.accaparlante.it\/index.php?rest_route=%2Fwp%2Fv2%2Fedizioni&post=358"},{"taxonomy":"autori","embeddable":true,"href":"https:\/\/archivio.accaparlante.it\/index.php?rest_route=%2Fwp%2Fv2%2Fautori&post=358"},{"taxonomy":"monografie","embeddable":true,"href":"https:\/\/archivio.accaparlante.it\/index.php?rest_route=%2Fwp%2Fv2%2Fmonografie&post=358"},{"taxonomy":"editori","embeddable":true,"href":"https:\/\/archivio.accaparlante.it\/index.php?rest_route=%2Fwp%2Fv2%2Feditori&post=358"},{"taxonomy":"luoghi","embeddable":true,"href":"https:\/\/archivio.accaparlante.it\/index.php?rest_route=%2Fwp%2Fv2%2Fluoghi&post=358"},{"taxonomy":"book","embeddable":true,"href":"https:\/\/archivio.accaparlante.it\/index.php?rest_route=%2Fwp%2Fv2%2Fbook&post=358"}],"curies":[{"name":"wp","href":"https:\/\/api.w.org\/{rel}","templated":true}]}}