{"id":6695,"date":"2026-02-25T10:57:12","date_gmt":"2026-02-25T09:57:12","guid":{"rendered":"https:\/\/archivio.accaparlante.it\/?p=6695"},"modified":"2026-02-25T10:57:12","modified_gmt":"2026-02-25T09:57:12","slug":"1-verifiche-di-invalidita","status":"publish","type":"post","link":"https:\/\/archivio.accaparlante.it\/?p=6695","title":{"rendered":"1. Verifiche di invalidit\u00e0"},"content":{"rendered":"<p>Ora basta un&#8217;autocertificazione che va presentata entro il 30 novembre. Riguardano tutti gli invalidi titolari di pensioni, assegni e indennit\u00e0 le modifiche apportate dalla legge n.425 dell&#8217;8\/8\/96 (&#8220;Disposizioni urgenti per il risanamento della finanza pubblica&#8221;) che si occupa, all&#8217;art. 4, delle &#8220;Verifiche dello stato di invalidit\u00e0 civile&#8221;. Sar\u00e0 sufficiente infatti presentare un&#8217;autocertificazione che attesti le condizioni di salute, con particolare riferimento alle infermit\u00e0 che hanno motivato l&#8217;assistenza economica. Tale autocertificazione dovr\u00e0 essere effettuata su di un apposito modello predisposto dal ministero del Tesoro, che verr\u00e0 inviato a tutti per posta a casa. Gli interessati dovranno rispedirlo, entro il 30 novembre, alla &#8220;Direzione generale dei servizi vari e delle pensioni di guerra del ministero del Tesoro&#8221;. Se l&#8217;autocertificazione non viene presentata in tempo utile la pensione viene sospesa immediatamente e il disabile avr\u00e0 90 giorni di tempo per giustificare la mancata presentazione, dopo i quali la pensione sar\u00e0 revocata definitivamente. Se sussitono le condizioni \u00e8 possibile presentare ricorso al giudice ordinario contro la revoca.<br \/>\nIl testo dell&#8217;originario decreto legge prevedeva la presentazione di un certificato del proprio medico curante da parte di tutti gli invalidi interessati.<br \/>\nLa nuova legge prevede inoltre un piano straordinario di almeno 150.000 verifiche sanitarie da effettuarsi anche senza preavviso. Tali verifiche riguarderanno prioritariamente coloro che precepiscono pensioni, assegni o indennit\u00e0 da oltre cinque anni e in particolare gli invalidi residenti nelle province in cui la percentuale degli assistiti \u0160 superiore al dato medio nazionale. Per queste verifiche \u00e8 stata autorizzata una spesa di 30 miliardi per il 1997.<br \/>\nViene stabilito inoltre che entro il 30 giugno di ogni anno sar\u00e0 fatta una verifica dei requisiti dei limiti di reddito prescritti che, insieme alla tipologia di deficit, danno diritto all&#8217;assistenza. I controlli saranno effettuati dal ministero del Tesoro con le banche dati del Ministero delle Finanze e con il Casellario centrale dei pensionati. Se i redditi sono superiori a quelli prescritti ne verr\u00e0 data comunicazione alle Prefetture per il provvedimento di revoca.<br \/>\nTutti i controlli saranno centralizzati e le competenze, che prima erano del ministero dell&#8217;Interno e delle Prefetture, saranno attribuite al ministero del Tesoro.<br \/>\n<span class=\"ILfuVd\" lang=\"it\"><span class=\"hgKElc pOOWX\">\u00c8<\/span><\/span> stato abrogato, infine, il comma (4, art.11, legge n.537 del 24\/12\/1993) che prevedeva la restituzione di tutte le somme percepite nell&#8217;ultimo anno, nel caso di revoca della pensione. Con la nuova legge \u00e8 prevista soltanto la revoca senza la procedura di recupero delle somme. Il comma prevedeva inoltre il licenziamento per tutti coloro che fossero stati assunti come invalidi senza averne i requisiti. Anche questa parte \u00e8 stata abrogata.<\/p>\n","protected":false},"excerpt":{"rendered":"<p>Ora basta un&#8217;autocertificazione che va presentata entro il 30 novembre. Riguardano tutti gli invalidi titolari di pensioni, assegni e indennit\u00e0 le modifiche apportate dalla legge n.425 dell&#8217;8\/8\/96 (&#8220;Disposizioni urgenti per il risanamento della finanza pubblica&#8221;) che si occupa, all&#8217;art. 4, delle &#8220;Verifiche dello stato di invalidit\u00e0 civile&#8221;. Sar\u00e0 sufficiente infatti presentare un&#8217;autocertificazione che attesti le [&hellip;]<\/p>\n","protected":false},"author":3,"featured_media":0,"comment_status":"closed","ping_status":"open","sticky":false,"template":"","format":"standard","meta":{"footnotes":""},"categories":[3766],"tags":[3591,3602],"edizioni":[67],"autori":[],"monografie":[],"editori":[],"luoghi":[],"book":[],"_links":{"self":[{"href":"https:\/\/archivio.accaparlante.it\/index.php?rest_route=\/wp\/v2\/posts\/6695"}],"collection":[{"href":"https:\/\/archivio.accaparlante.it\/index.php?rest_route=\/wp\/v2\/posts"}],"about":[{"href":"https:\/\/archivio.accaparlante.it\/index.php?rest_route=\/wp\/v2\/types\/post"}],"author":[{"embeddable":true,"href":"https:\/\/archivio.accaparlante.it\/index.php?rest_route=\/wp\/v2\/users\/3"}],"replies":[{"embeddable":true,"href":"https:\/\/archivio.accaparlante.it\/index.php?rest_route=%2Fwp%2Fv2%2Fcomments&post=6695"}],"version-history":[{"count":1,"href":"https:\/\/archivio.accaparlante.it\/index.php?rest_route=\/wp\/v2\/posts\/6695\/revisions"}],"predecessor-version":[{"id":6696,"href":"https:\/\/archivio.accaparlante.it\/index.php?rest_route=\/wp\/v2\/posts\/6695\/revisions\/6696"}],"wp:attachment":[{"href":"https:\/\/archivio.accaparlante.it\/index.php?rest_route=%2Fwp%2Fv2%2Fmedia&parent=6695"}],"wp:term":[{"taxonomy":"category","embeddable":true,"href":"https:\/\/archivio.accaparlante.it\/index.php?rest_route=%2Fwp%2Fv2%2Fcategories&post=6695"},{"taxonomy":"post_tag","embeddable":true,"href":"https:\/\/archivio.accaparlante.it\/index.php?rest_route=%2Fwp%2Fv2%2Ftags&post=6695"},{"taxonomy":"edizioni","embeddable":true,"href":"https:\/\/archivio.accaparlante.it\/index.php?rest_route=%2Fwp%2Fv2%2Fedizioni&post=6695"},{"taxonomy":"autori","embeddable":true,"href":"https:\/\/archivio.accaparlante.it\/index.php?rest_route=%2Fwp%2Fv2%2Fautori&post=6695"},{"taxonomy":"monografie","embeddable":true,"href":"https:\/\/archivio.accaparlante.it\/index.php?rest_route=%2Fwp%2Fv2%2Fmonografie&post=6695"},{"taxonomy":"editori","embeddable":true,"href":"https:\/\/archivio.accaparlante.it\/index.php?rest_route=%2Fwp%2Fv2%2Feditori&post=6695"},{"taxonomy":"luoghi","embeddable":true,"href":"https:\/\/archivio.accaparlante.it\/index.php?rest_route=%2Fwp%2Fv2%2Fluoghi&post=6695"},{"taxonomy":"book","embeddable":true,"href":"https:\/\/archivio.accaparlante.it\/index.php?rest_route=%2Fwp%2Fv2%2Fbook&post=6695"}],"curies":[{"name":"wp","href":"https:\/\/api.w.org\/{rel}","templated":true}]}}