{"id":789,"date":"2009-11-04T17:07:40","date_gmt":"2009-11-04T17:07:40","guid":{"rendered":"http:\/\/127.0.0.1\/accaparlante4\/?p=789"},"modified":"2026-02-20T11:56:13","modified_gmt":"2026-02-20T10:56:13","slug":"spazi-scolastici","status":"publish","type":"post","link":"https:\/\/archivio.accaparlante.it\/?p=789","title":{"rendered":"9. Spazi scolastici"},"content":{"rendered":"<p>di Rosanna De Sanctis<\/p>\n<p>L&#8217;importanza del corpo e della comunicazione corporea all&#8217;interno della scuola \u00e8 stato un tema da sempre sottovalutato o addirittura ignorato. Cos\u00ec per lo spazio, la disposizione dei banchi, delle classi&#8230;Intervista a 5 insegnanti della Scuola Media Zanotti di Bologna.<!--break--><\/p>\n<p><strong>Come \u00e8 organizzato lo spazio in questa scuola, seguite lo spazio istituzionale o \u00e8 stato riorganizzato?<\/strong><br \/>\nA: Lo spazio in alcune aule \u00e8 stato riorganizzato per una migliore fruizione dello stesso da parte degli alunni. Noi insegnanti di sostegno utilizziamo molti spazi (laboratori, antiaule, palestra) e abbiamo verificato come il cambiare spazio sia utile per i ragazzi per &#8220;scaricare&#8221; tensioni.<br \/>\nC: Io mi occupo di informatica e di facilitazione dell&#8217;apprendimento attraverso il computer. Ho organizzato lo spazio 3 anni fa quando sono arrivato qui ed \u00e8 iniziata questa attivit\u00e0. Nell&#8217;aula di informatica ho creato due spazi: uno per i computer e uno per rilassarsi; perch\u00e9 anche se il computer \u00e8 utilizzato in forma ludica, richiede comunque ai ragazzi concentrazione e attenzione molto elevati, quindi per me \u00e8 fondamentale dare dopo l&#8217;attivit\u00e0 al computer un tempo per rilassarsi, &#8220;scaricare&#8221;, chiacchierare.<\/p>\n<p>Lo spazio l&#8217;ho organizzato in base alla comunicazione circolare dei messaggi; i ragazzi sia della I che della III sono seduti in cerchio, ma purtroppo le aule sono piccole e quindi oltre al cerchio all&#8217;interno, c&#8217;\u00e8 un semicerchio. Lo so che non \u00e8 ottimale, ma meglio questa sistemazione che quella istituzionale.<br \/>\nE: La palestra era gi\u00e0 stata progettata cos\u00ec fin dall&#8217;inizio della costruzione della Scuola. E&#8217; molto bella, luminosa, ricca di grandi e piccoli attrezzi, ha sei canestri per poter far giocare pi\u00f9 gruppi di bambini e in pi\u00f9&#8217; accoglie anche 50 ragazzi contemporaneamente e questo ci favorisce molto nel lavoro .<br \/>\nD. &#8220;Il corpo, lui non tace mai: sotto lo sguardo, sotto il contatto dell&#8217;altro, non cessa di emettere messaggi.&#8221; (Lapierre)<\/p>\n<p><strong>Quanto conosce e utilizza nella relazione educativa i canali della comunicazione corporea e non verbale?<\/strong><br \/>\nB: <span class=\"T286Pc\" data-sfc-cp=\"\">\u00c8<\/span> una relazione che ricerco, perch\u00e9 \u00e8 istintivo ricercare un contatto fisico con gli alunni, e per contatto non intendo solo quello puramente fisico, ma anche uno sguardo, un certo modo di dare e ricevere ascolto<br \/>\nC: Anche io utilizzo il corpo nella relazione \u00e8 un modo naturale di vivere il rapporto in modo completo e poi ho osservato che migliora non solo la relazione ma anche l&#8217;apprendimento degli alunni.<br \/>\nD: Il corpo all&#8217;interno della scuola a parte le ore di educazione fisica o di drammatizzazione \u00e8 mortificato; nelle aule i ragazzi stanno fermi nel loro banco. Ma io credo che la corporeit\u00e0 non riguarda solo il corpo inteso come movimento, ma l&#8217;ascolto del corpo, saper ascoltare le proprie emozioni e sensazioni. In questi ultimi anni c&#8217;\u00e8 stata una atrofia del sentire, anni fa ho lavorato all&#8217;MCE (Movimento Cooperativo Educazione) e ho fatto diverse esperienze, da allora cerco di dare ai ragazzi uno spazio che non \u00e8 di movimento, ma un ascolto del proprio sentire; ad esempio quando entro in classe chiedo: &#8220;Come state? Come vi sentite?, Come definiresti con un colore la giornata di oggi o il tuo essere oggi?&#8221; Per me gi\u00e0 questo \u00e8 dare attenzione e iniziare la giornata in modo diverso. Io sono consapevole di come comunico ma non sempre riesco ad utilizzare questa consapevolezza. Ci sono alcune tecniche che cerco di utilizzare, come il tono della voce, l&#8217;intercalare, i silenzi&#8230;<br \/>\nE: Il corpo \u00e8 per me fondamentale, l&#8217;attivit\u00e0 fisica \u00e8 estremamente importante, tanto che finalmente anche nelle scuole elementari si fa attivit\u00e0 motoria e noi notiamo la diversit\u00e0 in Ia dei ragazzi che hanno svolto attivit\u00e0 e quelli che non l&#8217;hanno avuta; perch\u00e9 nei primi c&#8217;\u00e8 una maggiore disponibilit\u00e0 motoria. Noi in questa Scuola facciamo, io ed il mio collega, in ore extrascolastiche un avviamento alla attivit\u00e0 sportiva, ma non finalizzata all&#8217;agonismo e ogni anno abbiamo molte adesioni. Negli anni abbiamo rilevato che in queste attivit\u00e0 i ragazzi esprimono se stessi non solo da un punto di vista fisico ma anche psicologico-emozionale, il fatto di essere in tuta come loro, di rotolarsi come loro, di giocare con loro li aiuta ad aprirsi a liberarsi ad esprimersi, pi\u00f9 volte \u00e8 accaduto e accade che i ragazzi ci raccontino i loro disagi, le loro paure; spesso ci vengono a cercare con delle richieste specifiche di aiuto; in aula \u00e8 pi\u00f9 difficile, gi\u00e0 la cattedra crea una separazione qui c&#8217;e&#8217; una vicinanza, un ascolto, un contatto fisico e umano che difficilmente si crea in altri luoghi anche se in questa Scuola accade ma perch\u00e9 ci sono insegnanti sensibili oltre che preparati e gli alunni ne hanno veramente bisogno. Inoltre nella nostra attivit\u00e0 vengono trasmessi valori come il rispetto delle regole, la collaborazione, la solidariet\u00e0, la capacit\u00e0 di rispettare gli altri, l&#8217;accettare la sconfitta che io credo siano punti fondamentali nella crescita e nello sviluppo di una persona.<\/p>\n<p><strong>Esiste in questo ultimo decennio una letteratura e una quantit\u00e0 di informazioni relative all&#8217;educazione corporea, ma l&#8217;attenzione \u00e8 spesso stata sul progettare e attuare un programma in funzione del corpo del bambino. E il corpo dell&#8217;insegnante?<br \/>\n<\/strong>A: Per l&#8217;insegnante c&#8217;\u00e8 molto meno, sarebbe molto importante avere una formazione in questo senso, le poche occasioni che ho avuto mi hanno aiutata nella relazione con i ragazzi creando un rapporto pi\u00f9 sereno e costruttivo. Noi abbiamo troppo spesso la funzione di trasmettere ai ragazzi rimanendo fuori,non consapevoli che in quel momento siamo gi\u00e0 in relazione con loro<br \/>\nC: L&#8217;insegnante viene considerato molto poco nel suo aspetto corporeo, e il rischio \u00e8 che lui trasmetta messaggi e segnali negativi che vengono ascoltati dai ragazzi soprattutto da quelli molto sensibili creando un danno non solo nella relazione ma anche nella trasmissione di informazioni, contenuti e apprendimenti. Ho la sensazione che quando si parla di corpo, cos\u00ec come a volte accade anche per l&#8217;informatica, molti colleghi pensano che quello \u00e8 giocare e non insegnare, non comprendendo che utilizziamo tutti in ogni momento il corpo e la comunicazione corporea.<br \/>\nD: Tutto \u00e8 ancora molto teorico. Ho fatto un&#8217;esperienza pratica solo all&#8217;MCE e ad un seminario condotto da una compagnia teatrale lavorando a fianco a loro e con i ragazzi, solo allora ho veramente compreso. L&#8217;insegnamento \u00e8 un rapporto in continua interazione, creare una didattica di ascolto sul sentire, sull&#8217;esprimere la propria emotivit\u00e0 crea per loro dei momenti magici si pongono in una condizione di maggior attenzione e suggestione, si esce dal tradizionale, io ho ottenuto attraverso la scrittura emozionale, scritti di una intensit\u00e0 e originalit\u00e0 che mai avrei ottenuto se avessi chiesto un tema tradizionale.<\/p>\n<p><strong>Quindi hanno espresso se stessi&#8230;.<\/strong><br \/>\nD: Certo, in questo modo la Scuola diventa sede di ascolto, dei loro stereotipi ma anche delle loro originalit\u00e0, delle loro paure, dei loro disagi. A casa spesso non hanno una povert\u00e0 affettiva ma una povert\u00e0 di ascolto dei loro bisogni che non sono solo quelli materiali. Negli scritti si lasciano andare con loro grande sorpresa e esiste un forte bisogno di dire, di essere ascoltati soprattutto in una fase come questa dell&#8217;adolescenza.<\/p>\n<p><strong>Nel dibattito permanente sulla formazione degli insegnanti si sono precisati due aspetti: uno relativo alla formazione professionale e metodologica, l&#8217;altro riguarda la formazione della personalit\u00e0 intesa come capacit\u00e0 di osservare, di essere flessibili, di rivedere obiettivi e procedimenti educativi. Quanto \u00e8 per lei importante la comunicazione e la consapevolezza corporea nella formazione?<br \/>\n<\/strong>A: A mio parere conta moltissimo, ad esempio quest&#8217;anno il Corso di Formazione a cui ho partecipato sulla &#8220;Gestione dell&#8217;aggressivit\u00e0 in aula&#8221; ( Corso di formazione per insegnanti Comunali condotto dal Centro Studi Mosaico Psicologie n.d.r.) utilizzava come strumento lo psicodramma e quindi il corpo, per me \u00e8 stato un contributo importantissimo mi ha aiutato e mi aiuta nel lavoro perch\u00e9 ho imparato a riconoscere la mia e la comunicazione dell&#8217;altro, sono maggiormente in ascolto e anche i contenuti prettamente curriculari vengono trasmessi con maggiore efficacia e semplicit\u00e0, e&#8217; stato una formazione pratica e non solo teorica come spesso accade.<br \/>\nB: La formazione corporea manca, o la svolgi personalmente e individualmente o \u00e8 spesso assente nella formazione istituzionale; soprattutto \u00e8 una formazione che dovrebbe essere estesa a tutti i docenti, non solo agli insegnanti di sostegno, perch\u00e9 la comunicazione corporea e il suo utilizzo riguarda tutti non solo gli alunni in situazione di svantaggio.<br \/>\nC: la formazione che possiedo, deriva da un mio interesse personale e da un bisogno che non trovava risposta nella formazione istituzionale. Purtroppo le conoscenze che ho acquisito sono rimaste in un ambito teorico, perch\u00e9 non ho avuto occasione di partecipare a corsi o stage pratici.<br \/>\nD: se pur lavoro da 15 anni, ancora oggi la formazione corporea \u00e8 entrata molto poco; per me \u00e8 stata una conquista di questi ultimi anni. Ricordo ad esempio l&#8217;esperienza che ho avuto che gi\u00e0 accennavo prima, sulla scrittura emozionale con riferimento a lavori svolti da alcuni noti Neuropsichiatri americani per me quella attivit\u00e0 rimaneva una attivit\u00e0 a parte, io allora non la riuscivo a fondere con la didattica quotidiana. Ultimamente ne sono pi\u00f9 consapevole, anche se \u00e8 ancora molto distante, nessuno ci aggiorna su questo, ora iniziano alcuni centri e gruppi teatrali ma al di fuori della Scuola, del Provveditorato, dei canoni tradizionali, che lavorano sul concreto e non sulla teoria, dove esiste un ascolto reale, a noi non serve la teoria, io il maggiore aiuto l&#8217;ho ottenuto da un&#8217;attrice&#8230;<br \/>\nE: Per me \u00e8 molto importante ma tutta la mia formazione \u00e8 passata attraverso il corpo&#8230;..<\/p>\n<p><strong><big>A<\/big><\/strong>: Tina Fiocchi : Insegnante di Sostegno Comunale<br \/>\n<strong><big>B<\/big><\/strong>: Mirella Iotti: Insegnante di Sostegno Comunale<br \/>\n<big><strong>C<\/strong><\/big>: Federico Aiello : Educatore della Coop. Nuova Sanit\u00e0<br \/>\n<big><strong>D<\/strong><\/big>: Rita Barbieri: Docente di Lettere<br \/>\n<big><strong>E<\/strong><\/big>: Maurizia Ogier: Docente di Ed. Fisica<\/p>\n","protected":false},"excerpt":{"rendered":"<p>L&#8217;importanza del corpo e della comunicazione corporea all&#8217;interno della scuola \u00e8 stato un tema da sempre sottovalutato o addirittura ignorato. Cos\u00ec per lo spazio, la disposizione dei banchi, delle classi&#8230;<br \/>\nIntervista a 5 insegnanti della Scuola Media Zanotti di Bologna<\/p>\n","protected":false},"author":1,"featured_media":0,"comment_status":"closed","ping_status":"open","sticky":false,"template":"","format":"standard","meta":{"footnotes":""},"categories":[3766],"tags":[3587,3605],"edizioni":[103],"autori":[2722],"monografie":[],"editori":[],"luoghi":[],"book":[3622],"_links":{"self":[{"href":"https:\/\/archivio.accaparlante.it\/index.php?rest_route=\/wp\/v2\/posts\/789"}],"collection":[{"href":"https:\/\/archivio.accaparlante.it\/index.php?rest_route=\/wp\/v2\/posts"}],"about":[{"href":"https:\/\/archivio.accaparlante.it\/index.php?rest_route=\/wp\/v2\/types\/post"}],"author":[{"embeddable":true,"href":"https:\/\/archivio.accaparlante.it\/index.php?rest_route=\/wp\/v2\/users\/1"}],"replies":[{"embeddable":true,"href":"https:\/\/archivio.accaparlante.it\/index.php?rest_route=%2Fwp%2Fv2%2Fcomments&post=789"}],"version-history":[{"count":2,"href":"https:\/\/archivio.accaparlante.it\/index.php?rest_route=\/wp\/v2\/posts\/789\/revisions"}],"predecessor-version":[{"id":6627,"href":"https:\/\/archivio.accaparlante.it\/index.php?rest_route=\/wp\/v2\/posts\/789\/revisions\/6627"}],"wp:attachment":[{"href":"https:\/\/archivio.accaparlante.it\/index.php?rest_route=%2Fwp%2Fv2%2Fmedia&parent=789"}],"wp:term":[{"taxonomy":"category","embeddable":true,"href":"https:\/\/archivio.accaparlante.it\/index.php?rest_route=%2Fwp%2Fv2%2Fcategories&post=789"},{"taxonomy":"post_tag","embeddable":true,"href":"https:\/\/archivio.accaparlante.it\/index.php?rest_route=%2Fwp%2Fv2%2Ftags&post=789"},{"taxonomy":"edizioni","embeddable":true,"href":"https:\/\/archivio.accaparlante.it\/index.php?rest_route=%2Fwp%2Fv2%2Fedizioni&post=789"},{"taxonomy":"autori","embeddable":true,"href":"https:\/\/archivio.accaparlante.it\/index.php?rest_route=%2Fwp%2Fv2%2Fautori&post=789"},{"taxonomy":"monografie","embeddable":true,"href":"https:\/\/archivio.accaparlante.it\/index.php?rest_route=%2Fwp%2Fv2%2Fmonografie&post=789"},{"taxonomy":"editori","embeddable":true,"href":"https:\/\/archivio.accaparlante.it\/index.php?rest_route=%2Fwp%2Fv2%2Feditori&post=789"},{"taxonomy":"luoghi","embeddable":true,"href":"https:\/\/archivio.accaparlante.it\/index.php?rest_route=%2Fwp%2Fv2%2Fluoghi&post=789"},{"taxonomy":"book","embeddable":true,"href":"https:\/\/archivio.accaparlante.it\/index.php?rest_route=%2Fwp%2Fv2%2Fbook&post=789"}],"curies":[{"name":"wp","href":"https:\/\/api.w.org\/{rel}","templated":true}]}}