{"id":807,"date":"2009-11-04T17:07:45","date_gmt":"2009-11-04T17:07:45","guid":{"rendered":"http:\/\/127.0.0.1\/accaparlante4\/?p=807"},"modified":"2026-02-18T12:50:21","modified_gmt":"2026-02-18T11:50:21","slug":"il-corpo-dell-altro","status":"publish","type":"post","link":"https:\/\/archivio.accaparlante.it\/?p=807","title":{"rendered":"12. Il corpo dell&#8217;altro"},"content":{"rendered":"<p>di Giovanna Di Pasquale<\/p>\n<p>Occuparsi dell&#8217;altro occupandosi anche , e in alcuni casi, soprattutto del corpo dell&#8217;altro.<br \/>\nIl lavoro sociale si declina in un incontro diretto tra corpi che , pur in una cornice professionale,<!--break--> devono ricercare un faticoso equilibrio fra autonomia e dipendenza, fra l&#8217;impossibilit\u00e0 di fare da soli e la capacit\u00e0 di dare e chiedere aiuto.<br \/>\nOccuparsi dell&#8217;altro \u00e8 anche occuparsi di s\u00e9; &#8220;curare&#8221; il corpo altrui porta con s\u00e9 il riprendere contatto con il proprio corpo e con la storia del nostro personale rapporto con esso. Quando si incontra la malattia, la vecchiaia , il deficit \u00e8 prima di tutto un corpo malato, vecchio, handicappato ci\u00f2 che ci viene incontro insieme alle immagini ed ai vissuti che per noi e in noi sono ad esso collegati.<br \/>\nLa dimensione emotiva irrompe nelle relazioni quotidiane fra operatori ed &#8220;utenti&#8221;; spesso negata o ridotta ai minimi termini \u00e8, invece, parte essenziale di ci\u00f2 che passa tra le persone.<br \/>\nMolto del linguaggio emotivo trova una sua concretezza nel linguaggio globale attraverso cui il corpo parla ed esprime comunicazione.<br \/>\nNella pagine di HP abbiamo cercato di dare spazio ad una riflessione su questi punti, ascoltando la voce di chi vive un deficit in prima persona e di chi per professione si occupa di assistere persone anziane, ospiti di una struttura protetta o disabili.<br \/>\nAttraverso le loro parole emerge con forza il gioco di specchi che caratterizza gli incontri tra persone anche, come gi\u00e0 accennato, all&#8217;interno di un contenitore professionale. Gioco di specchi che determina la disponibilit\u00e0 ad un rispecchiamento consapevole o l&#8217;attuarsi di una fuga, la voglia di negare elementi comuni o, invece, la possibilit\u00e0 di spazi di riconoscimento reciproco.<\/p>\n","protected":false},"excerpt":{"rendered":"<p>Occuparsi dell&#8217;altro occupandosi anche , e in    alcuni casi, soprattutto del corpo dell&#8217;altro.    Il lavoro sociale si declina in un incontro diretto tra corpi che , pur in una cornice    professionale,<\/p>\n","protected":false},"author":1,"featured_media":0,"comment_status":"closed","ping_status":"open","sticky":false,"template":"","format":"standard","meta":{"footnotes":""},"categories":[3766],"tags":[3587],"edizioni":[87],"autori":[294],"monografie":[],"editori":[],"luoghi":[],"book":[3618],"_links":{"self":[{"href":"https:\/\/archivio.accaparlante.it\/index.php?rest_route=\/wp\/v2\/posts\/807"}],"collection":[{"href":"https:\/\/archivio.accaparlante.it\/index.php?rest_route=\/wp\/v2\/posts"}],"about":[{"href":"https:\/\/archivio.accaparlante.it\/index.php?rest_route=\/wp\/v2\/types\/post"}],"author":[{"embeddable":true,"href":"https:\/\/archivio.accaparlante.it\/index.php?rest_route=\/wp\/v2\/users\/1"}],"replies":[{"embeddable":true,"href":"https:\/\/archivio.accaparlante.it\/index.php?rest_route=%2Fwp%2Fv2%2Fcomments&post=807"}],"version-history":[{"count":1,"href":"https:\/\/archivio.accaparlante.it\/index.php?rest_route=\/wp\/v2\/posts\/807\/revisions"}],"predecessor-version":[{"id":6599,"href":"https:\/\/archivio.accaparlante.it\/index.php?rest_route=\/wp\/v2\/posts\/807\/revisions\/6599"}],"wp:attachment":[{"href":"https:\/\/archivio.accaparlante.it\/index.php?rest_route=%2Fwp%2Fv2%2Fmedia&parent=807"}],"wp:term":[{"taxonomy":"category","embeddable":true,"href":"https:\/\/archivio.accaparlante.it\/index.php?rest_route=%2Fwp%2Fv2%2Fcategories&post=807"},{"taxonomy":"post_tag","embeddable":true,"href":"https:\/\/archivio.accaparlante.it\/index.php?rest_route=%2Fwp%2Fv2%2Ftags&post=807"},{"taxonomy":"edizioni","embeddable":true,"href":"https:\/\/archivio.accaparlante.it\/index.php?rest_route=%2Fwp%2Fv2%2Fedizioni&post=807"},{"taxonomy":"autori","embeddable":true,"href":"https:\/\/archivio.accaparlante.it\/index.php?rest_route=%2Fwp%2Fv2%2Fautori&post=807"},{"taxonomy":"monografie","embeddable":true,"href":"https:\/\/archivio.accaparlante.it\/index.php?rest_route=%2Fwp%2Fv2%2Fmonografie&post=807"},{"taxonomy":"editori","embeddable":true,"href":"https:\/\/archivio.accaparlante.it\/index.php?rest_route=%2Fwp%2Fv2%2Feditori&post=807"},{"taxonomy":"luoghi","embeddable":true,"href":"https:\/\/archivio.accaparlante.it\/index.php?rest_route=%2Fwp%2Fv2%2Fluoghi&post=807"},{"taxonomy":"book","embeddable":true,"href":"https:\/\/archivio.accaparlante.it\/index.php?rest_route=%2Fwp%2Fv2%2Fbook&post=807"}],"curies":[{"name":"wp","href":"https:\/\/api.w.org\/{rel}","templated":true}]}}